{"id":1175,"date":"2024-12-05T17:07:11","date_gmt":"2024-12-05T14:07:11","guid":{"rendered":"https:\/\/enisolar.com\/?p=1175"},"modified":"2024-12-07T14:44:43","modified_gmt":"2024-12-07T11:44:43","slug":"turkiyenin-iklim-hedeflerine-ulasmasinin-anahtari-komurden-cikis","status":"publish","type":"post","link":"https:\/\/enisolar.com\/en\/turkiyenin-iklim-hedeflerine-ulasmasinin-anahtari-komurden-cikis\/","title":{"rendered":"T\u00fcrkiye&#8217;nin \u0130klim Hedeflerine Ula\u015fmas\u0131n\u0131n Anahtar\u0131: K\u00f6m\u00fcrden \u00c7\u0131k\u0131\u015f"},"content":{"rendered":"<p>\u0130klim Hedefleri \u2265 D\u00fcnyan\u0131n d\u00f6rt bir yan\u0131nda h\u00fck\u00fcmetler ve sivil toplum kurulu\u015flar\u0131, iklim krizine kar\u015f\u0131 acil \u00e7\u00f6z\u00fcmler ararken, yenilenebilir enerji d\u00f6n\u00fc\u015f\u00fcm\u00fc hi\u00e7 olmad\u0131\u011f\u0131 kadar \u00f6nemli hale geldi. T\u00fcrkiye\u2019nin bu d\u00f6n\u00fc\u015f\u00fcm\u00fcnde g\u00fcvenilir bir yol arkada\u015f\u0131 olarak \u00f6ne \u00e7\u0131kan Enisolar, 18 y\u0131l\u0131 a\u015fk\u0131n s\u00fcrd\u00fcr\u00fclebilir enerji \u00e7\u00f6z\u00fcmlerindeki deneyimi ile sekt\u00f6r\u00fcn lider firmalar\u0131ndan biridir. \u00c7evre dostu projelerimiz ve yenilik\u00e7i teknolojilerimizle, fosil yak\u0131tlardan yenilenebilir enerjiye ge\u00e7i\u015fi h\u0131zland\u0131rmay\u0131 hedefliyoruz. Temiz enerjiye y\u00f6nelik kapsaml\u0131 \u00e7\u00f6z\u00fcmlerimizle, \u00fclkemizin s\u0131f\u0131r karbon hedeflerine ula\u015fmas\u0131na katk\u0131 sa\u011flamak i\u00e7in buraday\u0131z.<\/p>\n\n\n\n<h4 class=\"wp-block-heading\"><strong>K\u00f6m\u00fcr\u00fcn \u00c7evresel ve Ekonomik Bedeli<\/strong><\/h4>\n\n\n\n<p>Geli\u015fmi\u015f \u00fclkeler, k\u00fcresel \u0131s\u0131nman\u0131n ana nedenlerinden biri olan k\u00f6m\u00fcr\u00fc tamamen terk ederken, T\u00fcrkiye\u2019de hala yeni k\u00f6m\u00fcrl\u00fc termik santral projeleri g\u00fcndemde. K\u00f6m\u00fcr, sadece \u00e7evreye zarar vermekle kalm\u0131yor; ayn\u0131 zamanda ithal k\u00f6m\u00fcr ba\u011f\u0131ml\u0131l\u0131\u011f\u0131 ve ekonomik te\u015fvikler nedeniyle kamu kaynaklar\u0131n\u0131n bo\u015fa harcanmas\u0131na neden oluyor. \u00d6rne\u011fin, Af\u015fin-Elbistan A Termik Santraline ek olarak yap\u0131lmas\u0131 planlanan 688 MW\u2019l\u0131k yeni \u00fcnite, hem \u00e7evre sa\u011fl\u0131\u011f\u0131n\u0131 tehdit ediyor hem de b\u00f6lge halk\u0131n\u0131n ya\u015fam kalitesini d\u00fc\u015f\u00fcr\u00fcyor.<\/p>\n\n\n\n<h4 class=\"wp-block-heading\"><strong>Yenilenebilir Enerjinin Potansiyeli<\/strong><\/h4>\n\n\n\n<p>T\u00fcrkiye, g\u00fcne\u015f ve r\u00fczgar enerjisi a\u00e7\u0131s\u0131ndan b\u00fcy\u00fck bir potansiyele sahip olmas\u0131na ra\u011fmen, bu potansiyelin \u00e7ok az bir k\u0131sm\u0131n\u0131 kullan\u0131yor. Enerji ve Tabii Kaynaklar Bakanl\u0131\u011f\u0131n\u0131n a\u00e7\u0131klad\u0131\u011f\u0131 2035 y\u0131l\u0131 i\u00e7in 120 GW\u2019l\u0131k yenilenebilir enerji kapasite hedefi, \u00fclkemiz i\u00e7in b\u00fcy\u00fck bir f\u0131rsat sunuyor. Ancak bu hedeflere ula\u015fmak, k\u00f6m\u00fcrden kademeli olarak \u00e7\u0131k\u0131\u015f yap\u0131lmadan m\u00fcmk\u00fcn olmayacak gibi g\u00f6r\u00fcn\u00fcyor.<\/p>\n\n\n\n<p>K\u00f6m\u00fcr yerine g\u00fcne\u015f enerjisi gibi temiz kaynaklara y\u00f6nelmek, sadece \u00e7evresel faydalar sa\u011flamakla kalmaz, ayn\u0131 zamanda enerji maliyetlerini d\u00fc\u015f\u00fcrerek ekonomik kazan\u0131mlar da sunar. Yenilenebilir enerji, ithal yak\u0131t ba\u011f\u0131ml\u0131l\u0131\u011f\u0131n\u0131 azalt\u0131r, enerji g\u00fcvenli\u011fini art\u0131r\u0131r ve s\u00fcrd\u00fcr\u00fclebilir bir ekonomiye ge\u00e7i\u015fi h\u0131zland\u0131r\u0131r.<\/p>\n\n\n\n<p><strong>K\u00f6m\u00fcrden \u00c7\u0131k\u0131\u015f\u0131n Faydalar\u0131<\/strong><\/p>\n\n\n\n<p>COP29 \u0130klim Zirvesi, T\u00fcrkiye\u2019nin \u201cyeni k\u00f6m\u00fcr santrali yapmama\u201d ve \u201ck\u00f6m\u00fcrden kademeli \u00e7\u0131k\u0131\u015f\u201d karar\u0131 almas\u0131 i\u00e7in \u00f6nemli bir f\u0131rsat sunuyor. Bu ad\u0131mlar\u0131n at\u0131lmas\u0131n\u0131n, \u00fclkemizin iklim hedeflerine ula\u015fmas\u0131nda b\u00fcy\u00fck katk\u0131 sa\u011flayaca\u011f\u0131 a\u00e7\u0131kt\u0131r. \u0130\u015fte k\u00f6m\u00fcrden \u00e7\u0131k\u0131\u015f\u0131n ba\u015fl\u0131ca faydalar\u0131:<\/p>\n\n\n\n<p>1\ufe0f\u20e3 <strong>Sa\u011fl\u0131k ve \u00c7evre Koruma:<\/strong> K\u00f6m\u00fcrl\u00fc termik santrallerin neden oldu\u011fu hava kirlili\u011fi, solunum hastal\u0131klar\u0131 ve di\u011fer sa\u011fl\u0131k sorunlar\u0131na yol a\u00e7maktad\u0131r. K\u00f6m\u00fcrden \u00e7\u0131k\u0131\u015f, bu olumsuz etkileri azaltarak toplum sa\u011fl\u0131\u011f\u0131n\u0131 iyile\u015ftirir.<\/p>\n\n\n\n<p>2\ufe0f\u20e3 <strong>Emisyon Azalmas\u0131:<\/strong> T\u00fcrkiye\u2019nin karbon emisyonlar\u0131n\u0131n %20-25\u2019i k\u00f6m\u00fcrl\u00fc termik santrallerden kaynaklan\u0131yor. K\u00f6m\u00fcrden \u00e7\u0131k\u0131\u015f, emisyonlar\u0131 \u00f6nemli \u00f6l\u00e7\u00fcde azaltarak iklim hedeflerine ula\u015f\u0131lmas\u0131na katk\u0131 sa\u011flar.<\/p>\n\n\n\n<p>3\ufe0f\u20e3 <strong>Yenilenebilir Enerjiye Ge\u00e7i\u015f:<\/strong> K\u00f6m\u00fcrden vazge\u00e7ilmesi, g\u00fcne\u015f ve r\u00fczgar enerjisi gibi yenilenebilir kaynaklar\u0131n kullan\u0131m\u0131n\u0131 art\u0131r\u0131r, enerji maliyetlerini d\u00fc\u015f\u00fcr\u00fcr ve temiz enerjiye ge\u00e7i\u015fi h\u0131zland\u0131r\u0131r.<\/p>\n\n\n\n<p>4\ufe0f\u20e3 <strong>Ekonomik Kazan\u0131mlar:<\/strong> K\u00f6m\u00fcr\u00fcn terk edilmesi, ithal yak\u0131t maliyetlerini azaltarak \u00fclkemizin enerjide d\u0131\u015fa ba\u011f\u0131ml\u0131l\u0131\u011f\u0131n\u0131 azalt\u0131r. Ayr\u0131ca, yenilenebilir enerji yat\u0131r\u0131mlar\u0131, yeni i\u015f olanaklar\u0131 yaratarak ekonomiye katk\u0131 sa\u011flar.<\/p>\n\n\n\n<p>5\ufe0f\u20e3 <strong>Uluslararas\u0131 Destek ve Finansman:<\/strong> COP29 Zirvesi\u2019nde iklim hedeflerini belirleyen \u00fclkeler, uluslararas\u0131 finansman ve desteklerde \u00f6ncelik kazanacakt\u0131r. K\u00f6m\u00fcrden \u00e7\u0131k\u0131\u015f karar\u0131, T\u00fcrkiye\u2019nin bu desteklere eri\u015fimini kolayla\u015ft\u0131rabilir.<\/p>\n\n\n\n<h4 class=\"wp-block-heading\"><strong>T\u00fcrkiye\u2019nin Yol Haritas\u0131: Karbon N\u00f6tr Hedefine Do\u011fru<\/strong><\/h4>\n\n\n\n<p>2021 y\u0131l\u0131nda yay\u0131nlanan <a href=\"https:\/\/www.wwf.org.tr\/?11400\/karbon-notr-Turkiye-yolunda-ilk-adm-komurden-cikis-2030\" target=\"_blank\" rel=\"noopener\">\u201cKarbon N\u00f6tr T\u00fcrkiye Yolunda \u0130lk Ad\u0131m: K\u00f6m\u00fcrden \u00c7\u0131k\u0131\u015f 2030\u201d <\/a>raporu, k\u00f6m\u00fcrden \u00e7\u0131k\u0131\u015f\u0131n bilimsel olarak m\u00fcmk\u00fcn oldu\u011funu ortaya koyuyor. Bu rapor, kademeli ge\u00e7i\u015fin, enerji tasarrufu ve verimlili\u011fi art\u0131rarak s\u00fcrd\u00fcr\u00fclebilir kalk\u0131nmay\u0131 destekleyece\u011fini vurguluyor.<\/p>\n\n\n\n<h4 class=\"wp-block-heading\"><strong>Enisolar\u2019\u0131n \u00c7\u00f6z\u00fcm \u00d6nerileri<\/strong><\/h4>\n\n\n\n<p>Enisolar olarak, yenilenebilir enerji projelerimizle k\u00f6m\u00fcr\u00fcn terk edilmesine ve T\u00fcrkiye\u2019nin s\u0131f\u0131r karbon hedeflerine ula\u015fmas\u0131na katk\u0131 sa\u011fl\u0131yoruz. G\u00fcne\u015f enerjisi \u00e7\u00f6z\u00fcmlerimizle, \u00e7evre dostu ve s\u00fcrd\u00fcr\u00fclebilir bir enerji gelece\u011fi in\u015fa ediyoruz. T\u00fcrkiye\u2019nin temiz enerji potansiyelini hayata ge\u00e7irerek, iklim de\u011fi\u015fikli\u011fi ile m\u00fccadelede g\u00fc\u00e7l\u00fc bir akt\u00f6r olmay\u0131 hedefliyoruz.<\/p>\n\n\n\n<h3 class=\"wp-block-heading\">Daha s\u00fcrd\u00fcr\u00fclebilir bir d\u00fcnya i\u00e7in bug\u00fcnden harekete ge\u00e7in, do\u011fay\u0131 koruyun ve gelece\u011fe yat\u0131r\u0131m yap\u0131n!<\/h3>\n\n\n\n<p>If you want to reduce your energy costs and contribute to the environment by using solar energy systems, contact Enisolar. Together with our expert team, you can find the most suitable solutions to meet the energy needs of your business or home, and invest in the future with our zero-carbon philosophy. <a href=\"https:\/\/enisolar.com\/en\/communication\/\"><strong>Contact us now and start your journey to clean energy!<\/strong><\/a><\/p>\n\n\n\n<p><\/p>\n\n\n\n<h3 class=\"wp-block-heading\"><strong>KAYNAK\u00c7A:&nbsp;<\/strong><\/h3>\n\n\n\n<p><strong><a href=\"https:\/\/temizenerji.org\/2024\/11\/11\/iklim-stklari-turkiyenin-acil-gundemi-komurden-kademeli-cikis-karari-olmali\" data-type=\"link\" data-id=\"https:\/\/temizenerji.org\/2024\/11\/11\/iklim-stklari-turkiyenin-acil-gundemi-komurden-kademeli-cikis-karari-olmali\" target=\"_blank\" rel=\"noopener\">\u0130klim STK\u2019lar\u0131: T\u00fcrkiye\u2019nin acil g\u00fcndemi \u201ck\u00f6m\u00fcrden kademeli \u00e7\u0131k\u0131\u015f\u201d karar\u0131 olmal\u0131<\/a><\/strong><\/p>\n\n\n\n<p><strong><a href=\"https:\/\/www.wwf.org.tr\/?11400\/karbon-notr-Turkiye-yolunda-ilk-adm-komurden-cikis-2030\" data-type=\"link\" data-id=\"https:\/\/www.wwf.org.tr\/?11400\/karbon-notr-Turkiye-yolunda-ilk-adm-komurden-cikis-2030\" target=\"_blank\" rel=\"noopener\">Karbon N\u00f6tr T\u00fcrkiye Yolunda \u0130lk Ad\u0131m: K\u00f6m\u00fcrden \u00c7\u0131k\u0131\u015f 2030<\/a><\/strong><\/p>\n\n\n\n<p><\/p>","protected":false},"excerpt":{"rendered":"<p>\u0130klim Hedefleri \u2265 D\u00fcnyan\u0131n d\u00f6rt bir yan\u0131nda h\u00fck\u00fcmetler ve sivil toplum kurulu\u015flar\u0131, iklim krizine kar\u015f\u0131 acil \u00e7\u00f6z\u00fcmler ararken, yenilenebilir enerji d\u00f6n\u00fc\u015f\u00fcm\u00fc hi\u00e7 olmad\u0131\u011f\u0131 kadar \u00f6nemli hale geldi. T\u00fcrkiye\u2019nin bu d\u00f6n\u00fc\u015f\u00fcm\u00fcnde g\u00fcvenilir bir yol arkada\u015f\u0131 olarak \u00f6ne \u00e7\u0131kan Enisolar, 18 y\u0131l\u0131 a\u015fk\u0131n s\u00fcrd\u00fcr\u00fclebilir enerji \u00e7\u00f6z\u00fcmlerindeki deneyimi ile sekt\u00f6r\u00fcn lider firmalar\u0131ndan biridir. \u00c7evre dostu projelerimiz ve yenilik\u00e7i teknolojilerimizle, fosil yak\u0131tlardan yenilenebilir enerjiye ge\u00e7i\u015fi h\u0131zland\u0131rmay\u0131 hedefliyoruz. Temiz enerjiye y\u00f6nelik kapsaml\u0131 \u00e7\u00f6z\u00fcmlerimizle, \u00fclkemizin s\u0131f\u0131r[&hellip;]<\/p>\n","protected":false},"author":1,"featured_media":1181,"comment_status":"closed","ping_status":"closed","sticky":false,"template":"","format":"standard","meta":{"_acf_changed":false,"_coblocks_attr":"","_coblocks_dimensions":"","_coblocks_responsive_height":"","_coblocks_accordion_ie_support":"","footnotes":""},"categories":[26],"tags":[],"class_list":["post-1175","post","type-post","status-publish","format-standard","has-post-thumbnail","hentry","category-gunes-enerjisi"],"acf":[],"_links":{"self":[{"href":"https:\/\/enisolar.com\/en\/wp-json\/wp\/v2\/posts\/1175","targetHints":{"allow":["GET"]}}],"collection":[{"href":"https:\/\/enisolar.com\/en\/wp-json\/wp\/v2\/posts"}],"about":[{"href":"https:\/\/enisolar.com\/en\/wp-json\/wp\/v2\/types\/post"}],"author":[{"embeddable":true,"href":"https:\/\/enisolar.com\/en\/wp-json\/wp\/v2\/users\/1"}],"replies":[{"embeddable":true,"href":"https:\/\/enisolar.com\/en\/wp-json\/wp\/v2\/comments?post=1175"}],"version-history":[{"count":2,"href":"https:\/\/enisolar.com\/en\/wp-json\/wp\/v2\/posts\/1175\/revisions"}],"predecessor-version":[{"id":1180,"href":"https:\/\/enisolar.com\/en\/wp-json\/wp\/v2\/posts\/1175\/revisions\/1180"}],"wp:featuredmedia":[{"embeddable":true,"href":"https:\/\/enisolar.com\/en\/wp-json\/wp\/v2\/media\/1181"}],"wp:attachment":[{"href":"https:\/\/enisolar.com\/en\/wp-json\/wp\/v2\/media?parent=1175"}],"wp:term":[{"taxonomy":"category","embeddable":true,"href":"https:\/\/enisolar.com\/en\/wp-json\/wp\/v2\/categories?post=1175"},{"taxonomy":"post_tag","embeddable":true,"href":"https:\/\/enisolar.com\/en\/wp-json\/wp\/v2\/tags?post=1175"}],"curies":[{"name":"wp","href":"https:\/\/api.w.org\/{rel}","templated":true}]}}