{"id":1183,"date":"2024-12-18T15:43:31","date_gmt":"2024-12-18T12:43:31","guid":{"rendered":"https:\/\/enisolar.com\/?p=1183"},"modified":"2024-12-18T15:46:30","modified_gmt":"2024-12-18T12:46:30","slug":"tarim-ve-enerjinin-guc-birligi","status":"publish","type":"post","link":"https:\/\/enisolar.com\/en\/tarim-ve-enerjinin-guc-birligi\/","title":{"rendered":"Tar\u0131m ve Enerjinin G\u00fc\u00e7 Birli\u011fi: Tar\u0131msal Fotovoltaikler ile Verimli Gelecek"},"content":{"rendered":"<p>Tar\u0131m ve Enerji \u2265 Enerji krizi ve iklim de\u011fi\u015fikli\u011fiyle m\u00fccadelede, yenilenebilir enerji \u00e7\u00f6z\u00fcmlerine olan ihtiya\u00e7 giderek art\u0131yor. Enisolar olarak, s\u00fcrd\u00fcr\u00fclebilir enerji d\u00f6n\u00fc\u015f\u00fcm\u00fcne katk\u0131 sa\u011flamak i\u00e7in tar\u0131m ve g\u00fcne\u015f enerjisini bir araya getiren tar\u0131msal fotovoltaik \u00e7\u00f6z\u00fcmler sunuyoruz. Yenilik\u00e7i projelerimizle, hem tar\u0131msal verimlili\u011fi art\u0131r\u0131yor hem de enerji ihtiyac\u0131n\u0131 kar\u015f\u0131l\u0131yoruz. Tar\u0131msal PV sistemleri, \u00e7evre dostu enerji \u00fcretimini te\u015fvik ederken \u00e7ift\u00e7ilere ek gelir sa\u011flama imkan\u0131 sunar. Peki, tar\u0131msal fotovoltaik sistemler nas\u0131l \u00e7al\u0131\u015f\u0131r ve neden bu kadar etkili?<\/p>\n\n\n\n<h4 class=\"wp-block-heading\"><strong>Orta Avrupa\u2019da Tar\u0131msal Fotovoltaikler: \u00c7arp\u0131c\u0131 Ara\u015ft\u0131rma Sonu\u00e7lar\u0131<\/strong><\/h4>\n\n\n\n<p>Ember taraf\u0131ndan yap\u0131lan yeni bir ara\u015ft\u0131rma, \u00c7ek Cumhuriyeti, Macaristan, Polonya ve Slovakya\u2019n\u0131n tar\u0131m arazilerine fotovoltaik sistemler entegre ederek, enerji ihtiya\u00e7lar\u0131n\u0131n %68\u2019ini kar\u015f\u0131layabilece\u011fini g\u00f6steriyor. Ara\u015ft\u0131rmaya g\u00f6re, tar\u0131m arazilerinin sadece %9\u2019una kurulan tar\u0131msal PV sistemleri, b\u00f6lgenin tar\u0131m ve g\u0131da i\u015fleme faaliyetleri i\u00e7in gereken elektrik ihtiyac\u0131n\u0131 kar\u015f\u0131layabilir.<\/p>\n\n\n\n<p>\ud83d\udd0d <strong>\u00d6ne \u00c7\u0131kan Bulgular:<\/strong><\/p>\n\n\n\n<ul class=\"wp-block-list\">\n<li>Orta Avrupa \u00fclkelerinde tar\u0131m arazilerine kurulabilecek toplam 180 GW kapasite, mevcut kurulu kapasitenin yedi kat\u0131na e\u015fde\u011fer ve 2030 ulusal enerji hedeflerinin \u00fc\u00e7 kat\u0131d\u0131r.<\/li>\n\n\n\n<li>AB\u2019nin ekilebilir topraklar\u0131n\u0131n %19\u2019una sahip olan bu \u00fclkeler, bu\u011fday, yulaf ve \u00e7avdar gibi temel g\u0131da \u00fcr\u00fcnlerinin \u00fcretiminde kritik bir role sahiptir.<\/li>\n\n\n\n<li>Ancak tar\u0131msal \u00fcretim, artan g\u00fcbre maliyetleri ve s\u0131k tekrarlanan kurakl\u0131klar nedeniyle tehdit alt\u0131ndad\u0131r.<\/li>\n<\/ul>\n\n\n\n<h4 class=\"wp-block-heading\"><strong>Tar\u0131msal Fotovoltaik Sistemlerin Avantajlar\u0131<\/strong><\/h4>\n\n\n\n<p>Tar\u0131m alanlar\u0131na g\u00fcne\u015f panelleri kurulmas\u0131, \u00e7ift\u00e7ilere sadece ek bir gelir kayna\u011f\u0131 sunmakla kalmaz; ayn\u0131 zamanda iklim de\u011fi\u015fikli\u011fiyle m\u00fccadelede \u00f6nemli bir \u00e7\u00f6z\u00fcm sunar.<\/p>\n\n\n\n<p>\ud83d\udca7 <strong>Su Tasarrufu ve Koruma:<\/strong> Kurak y\u0131llarda su depolama kapasitesini art\u0131r\u0131r ve bitkileri a\u015f\u0131r\u0131 hava ko\u015fullar\u0131ndan korur.<\/p>\n\n\n\n<p>\ud83c\udf31 <strong>Verim Art\u0131\u015f\u0131:<\/strong> G\u00f6lge sa\u011flayan paneller, bitkilerin su ihtiyac\u0131n\u0131 azalt\u0131r ve mahsul verimini %16\u2019ya kadar art\u0131rabilir.<\/p>\n\n\n\n<p>\ud83d\udd0b <strong>\u00c7ifte Kazan\u00e7:<\/strong> Tar\u0131msal PV sistemleri, elektrik \u00fcretiminin %63\u2019\u00fcn\u00fc sa\u011flarken, ayn\u0131 zamanda tar\u0131msal \u00fcretimin s\u00fcrd\u00fcr\u00fclebilirli\u011fini art\u0131r\u0131r.<\/p>\n\n\n\n<h4 class=\"wp-block-heading\"><strong>Avrupa\u2019da D\u00fczenlemeler ve Gelecek Beklentileri<\/strong><\/h4>\n\n\n\n<p>Ara\u015ft\u0131rman\u0131n yazarlar\u0131ndan Dr. Pawe\u0142 Czy\u017cak, Avrupa\u2019n\u0131n zorlu bir s\u00fcre\u00e7ten ge\u00e7ti\u011fini ve hem g\u0131da hem de enerji g\u00fcvenli\u011finin kritik \u00f6nem ta\u015f\u0131d\u0131\u011f\u0131n\u0131 vurguluyor. Tar\u0131m arazilerine g\u00fcne\u015f panelleri kurmak, \u00e7ift\u00e7ilere hem enerji hem de g\u0131da \u00fcretiminde istikrar ve karl\u0131l\u0131k sa\u011fl\u0131yor. Ancak, bu sistemlerin potansiyelini tam anlam\u0131yla hayata ge\u00e7irebilmek i\u00e7in uygun mevzuat ve destek mekanizmalar\u0131 \u015fart. \u0130ncelenen d\u00f6rt \u00fclkeden sadece \u00c7ek Cumhuriyeti, tar\u0131msal PV sistemlerine y\u00f6nelik d\u00fczenlemeler konusunda ad\u0131m atm\u0131\u015f durumda.<\/p>\n\n\n\n<h4 class=\"wp-block-heading\"><strong>Enisolar\u2019\u0131n \u00c7\u00f6z\u00fcm \u00d6nerileri: S\u00fcrd\u00fcr\u00fclebilir Tar\u0131m ve Enerji \u0130\u00e7in Yenilik\u00e7i Yakla\u015f\u0131mlar<\/strong><\/h4>\n\n\n\n<p>Enisolar olarak, T\u00fcrkiye\u2019de tar\u0131m ve enerji sekt\u00f6rleri aras\u0131ndaki bu g\u00fc\u00e7l\u00fc sinerjiyi destekliyoruz. Tar\u0131msal fotovoltaik \u00e7\u00f6z\u00fcmlerimizle, \u00e7ift\u00e7ilere \u00e7evre dostu enerji \u00fcretimi sunarken, tar\u0131msal verimlili\u011fi art\u0131r\u0131yoruz. G\u00fcne\u015f enerjisi sistemlerimiz, kurakl\u0131k ve a\u015f\u0131r\u0131 hava olaylar\u0131na kar\u015f\u0131 bitkilerin korunmas\u0131na yard\u0131mc\u0131 olurken, su kaynaklar\u0131n\u0131n verimli kullan\u0131m\u0131n\u0131 da sa\u011fl\u0131yor.<\/p>\n\n\n\n<h4 class=\"wp-block-heading\"><strong>Gelece\u011fin Tar\u0131m ve Enerji \u00c7\u00f6z\u00fcm\u00fc<\/strong><\/h4>\n\n\n\n<p>Tar\u0131msal fotovoltaikler, iklim de\u011fi\u015fikli\u011fiyle m\u00fccadelede g\u00fc\u00e7l\u00fc bir ara\u00e7 ve s\u00fcrd\u00fcr\u00fclebilir kalk\u0131nma i\u00e7in b\u00fcy\u00fck bir potansiyele sahip. \u00c7ift\u00e7iler i\u00e7in ek gelir sa\u011flarken, enerji ve g\u0131da g\u00fcvenli\u011fini art\u0131r\u0131r. Enisolar olarak, T\u00fcrkiye\u2019nin tar\u0131m arazilerinde yenilenebilir enerji projelerimizi hayata ge\u00e7irerek, gelece\u011fe yat\u0131r\u0131m yap\u0131yoruz. \u00c7evre dostu \u00e7\u00f6z\u00fcmlerimizle s\u00fcrd\u00fcr\u00fclebilir bir enerji sistemi in\u015fa etmek i\u00e7in buraday\u0131z. <a href=\"https:\/\/enisolar.com\/en\/communication\/\"><strong>Contact us now and start your journey to clean energy!<\/strong><\/a><\/p>\n\n\n\n<p>KAYNAK\u00c7A: <\/p>\n\n\n\n<p><a href=\"https:\/\/temizenerji.org\/2024\/09\/02\/tarimsal-fotovoltaikler-orta-avrupanin-enerji-ihtiyacinin-yuzde-68ini-karsilayabilir\/\" target=\"_blank\" rel=\"noopener\">https:\/\/temizenerji.org\/2024\/09\/02\/tarimsal-fotovoltaikler-orta-avrupanin-enerji-ihtiyacinin-yuzde-68ini-karsilayabilir\/<\/a><\/p>\n\n\n\n<h3 class=\"wp-block-heading\"><\/h3>\n\n\n\n<p><\/p>\n\n\n\n<p><\/p>\n\n\n\n<p><\/p>","protected":false},"excerpt":{"rendered":"<p>Tar\u0131m ve Enerji \u2265 Enerji krizi ve iklim de\u011fi\u015fikli\u011fiyle m\u00fccadelede, yenilenebilir enerji \u00e7\u00f6z\u00fcmlerine olan ihtiya\u00e7 giderek art\u0131yor. Enisolar olarak, s\u00fcrd\u00fcr\u00fclebilir enerji d\u00f6n\u00fc\u015f\u00fcm\u00fcne katk\u0131 sa\u011flamak i\u00e7in tar\u0131m ve g\u00fcne\u015f enerjisini bir araya getiren tar\u0131msal fotovoltaik \u00e7\u00f6z\u00fcmler sunuyoruz. Yenilik\u00e7i projelerimizle, hem tar\u0131msal verimlili\u011fi art\u0131r\u0131yor hem de enerji ihtiyac\u0131n\u0131 kar\u015f\u0131l\u0131yoruz. Tar\u0131msal PV sistemleri, \u00e7evre dostu enerji \u00fcretimini te\u015fvik ederken \u00e7ift\u00e7ilere ek gelir sa\u011flama imkan\u0131 sunar. Peki, tar\u0131msal fotovoltaik sistemler nas\u0131l \u00e7al\u0131\u015f\u0131r ve neden[&hellip;]<\/p>\n","protected":false},"author":1,"featured_media":1184,"comment_status":"closed","ping_status":"closed","sticky":false,"template":"","format":"standard","meta":{"_acf_changed":false,"_coblocks_attr":"","_coblocks_dimensions":"","_coblocks_responsive_height":"","_coblocks_accordion_ie_support":"","footnotes":""},"categories":[26],"tags":[],"class_list":["post-1183","post","type-post","status-publish","format-standard","has-post-thumbnail","hentry","category-gunes-enerjisi"],"acf":[],"_links":{"self":[{"href":"https:\/\/enisolar.com\/en\/wp-json\/wp\/v2\/posts\/1183","targetHints":{"allow":["GET"]}}],"collection":[{"href":"https:\/\/enisolar.com\/en\/wp-json\/wp\/v2\/posts"}],"about":[{"href":"https:\/\/enisolar.com\/en\/wp-json\/wp\/v2\/types\/post"}],"author":[{"embeddable":true,"href":"https:\/\/enisolar.com\/en\/wp-json\/wp\/v2\/users\/1"}],"replies":[{"embeddable":true,"href":"https:\/\/enisolar.com\/en\/wp-json\/wp\/v2\/comments?post=1183"}],"version-history":[{"count":2,"href":"https:\/\/enisolar.com\/en\/wp-json\/wp\/v2\/posts\/1183\/revisions"}],"predecessor-version":[{"id":1186,"href":"https:\/\/enisolar.com\/en\/wp-json\/wp\/v2\/posts\/1183\/revisions\/1186"}],"wp:featuredmedia":[{"embeddable":true,"href":"https:\/\/enisolar.com\/en\/wp-json\/wp\/v2\/media\/1184"}],"wp:attachment":[{"href":"https:\/\/enisolar.com\/en\/wp-json\/wp\/v2\/media?parent=1183"}],"wp:term":[{"taxonomy":"category","embeddable":true,"href":"https:\/\/enisolar.com\/en\/wp-json\/wp\/v2\/categories?post=1183"},{"taxonomy":"post_tag","embeddable":true,"href":"https:\/\/enisolar.com\/en\/wp-json\/wp\/v2\/tags?post=1183"}],"curies":[{"name":"wp","href":"https:\/\/api.w.org\/{rel}","templated":true}]}}