{"id":1189,"date":"2025-01-04T00:55:01","date_gmt":"2025-01-03T21:55:01","guid":{"rendered":"https:\/\/enisolar.com\/?p=1189"},"modified":"2025-01-04T00:55:05","modified_gmt":"2025-01-03T21:55:05","slug":"karbon-ayak-izi-nedir","status":"publish","type":"post","link":"https:\/\/enisolar.com\/en\/karbon-ayak-izi-nedir\/","title":{"rendered":"Karbon Ayak \u0130zi Nedir?"},"content":{"rendered":"<p>Karbon Ayak \u0130zi Nedir \u2265 G\u00fcn\u00fcm\u00fczde \u00e7evresel s\u00fcrd\u00fcr\u00fclebilirlik, bireylerden \u015firketlere kadar herkesin g\u00fcndeminde. Peki, bu s\u00fcrecin en \u00f6nemli kavramlar\u0131ndan biri olan karbon ayak izi tam olarak nedir ve neden bu kadar \u00f6nemlidir? Enisolar olarak, bu kritik konuyu ele alarak hem bireyler hem de kurumlar i\u00e7in fark\u0131ndal\u0131k yaratmay\u0131 ama\u00e7l\u0131yoruz.<br>Karbon ayak izi, bir ki\u015finin, kurumun veya \u00fcr\u00fcn\u00fcn do\u011faya sald\u0131\u011f\u0131 toplam sera gaz\u0131 miktar\u0131n\u0131 ifade eder. Bu miktar, genellikle ton cinsinden CO\u2082 e\u015fde\u011feri olarak \u00f6l\u00e7\u00fcl\u00fcr. Ula\u015f\u0131m, enerji t\u00fcketimi, at\u0131k \u00fcretimi ve beslenme al\u0131\u015fkanl\u0131klar\u0131 gibi pek \u00e7ok fakt\u00f6r, karbon ayak izinin b\u00fcy\u00fckl\u00fc\u011f\u00fcn\u00fc etkiler.<\/p>\n\n\n\n<h4 class=\"wp-block-heading\"><strong>Karbon Ayak \u0130zinin \u00d6nemi<\/strong><\/h4>\n\n\n\n<p>Karbon ayak izi, iklim de\u011fi\u015fikli\u011fiyle m\u00fccadelede temel bir g\u00f6sterge olarak kabul edilir ve insan faaliyetlerinin \u00e7evre \u00fczerindeki etkisini \u00f6l\u00e7mek i\u00e7in kritik bir ara\u00e7t\u0131r. Atmosfere sal\u0131nan sera gazlar\u0131, \u00f6zellikle karbondioksit (CO\u2082), k\u00fcresel \u0131s\u0131nman\u0131n ana nedenleri aras\u0131nda yer al\u0131r. Bu durum, sadece \u00e7evresel dengeleri de\u011fil, ayn\u0131 zamanda ekonomik istikrar\u0131, toplumsal refah\u0131 ve do\u011fal ya\u015fam\u0131 da ciddi \u015fekilde tehdit eder.<\/p>\n\n\n\n<p>Karbon ayak izi genellikle iki ana bile\u015fenden olu\u015fur: birincil karbon ayak izi, evsel enerji t\u00fcketimi ve ula\u015f\u0131m gibi fosil yak\u0131tlar\u0131n do\u011frudan yanmas\u0131ndan kaynaklanan emisyonlar\u0131 i\u00e7erirken, ikincil karbon ayak izi, t\u00fcketilen \u00fcr\u00fcnlerin \u00fcretim, ta\u015f\u0131nma ve at\u0131k y\u00f6netimi s\u00fcre\u00e7lerinden kaynaklanan dolayl\u0131 emisyonlar\u0131 kapsar. Bu iki bile\u015feni anlamak, karbon sal\u0131n\u0131m\u0131n\u0131 azaltmak i\u00e7in daha etkili \u00e7\u00f6z\u00fcmler geli\u015ftirmemizi sa\u011flar.<\/p>\n\n\n\n<p>Karbon ayak izimizi azaltmak, iklim de\u011fi\u015fikli\u011fini yava\u015flatmak, ekosistemlerin s\u00fcrd\u00fcr\u00fclebilirli\u011fini sa\u011flamak ve daha ya\u015fanabilir bir gezegen b\u0131rakmak i\u00e7in at\u0131labilecek en etkili ad\u0131mlardan biridir. Yenilenebilir enerji kaynaklar\u0131na y\u00f6nelmek, enerji verimlili\u011fini art\u0131rmak ve \u00e7evre dostu ya\u015fam al\u0131\u015fkanl\u0131klar\u0131n\u0131 benimsemek, bu hedefe ula\u015fmak i\u00e7in bireysel ve toplumsal d\u00fczeyde al\u0131nabilecek \u00f6nlemler aras\u0131ndad\u0131r.<\/p>\n\n\n\n<h4 class=\"wp-block-heading\"><strong>Yenilenebilir Enerjinin Rol\u00fc<\/strong><\/h4>\n\n\n\n<p>Yenilenebilir enerji kaynaklar\u0131, karbon ayak izinin azalt\u0131lmas\u0131nda hayati bir rol oynar. G\u00fcne\u015f, r\u00fczg\u00e2r, hidroelektrik ve biyok\u00fctle gibi enerji kaynaklar\u0131, fosil yak\u0131tlar\u0131n neden oldu\u011fu karbon emisyonlar\u0131na k\u0131yasla \u00e7ok daha d\u00fc\u015f\u00fck veya s\u0131f\u0131r emisyon \u00fcretir. Bu \u00f6zellikleri sayesinde, yenilenebilir enerji kaynaklar\u0131, k\u00fcresel sera gaz\u0131 emisyonlar\u0131n\u0131 azaltmak ve \u00e7evresel s\u00fcrd\u00fcr\u00fclebilirli\u011fi sa\u011flamak i\u00e7in g\u00fc\u00e7l\u00fc bir ara\u00e7t\u0131r. \u0130\u015fte tam bu noktada Enisolar, yenilenebilir enerji sistemlerinde sundu\u011fu \u00e7\u00f6z\u00fcmlerle \u00e7evreye duyarl\u0131 bir gelece\u011fe katk\u0131 sa\u011fl\u0131yor.<\/p>\n\n\n\n<p>Enisolar, g\u00fcne\u015f enerjisi sistemleriyle bireysel ve kurumsal kullan\u0131c\u0131lara temiz enerji \u00fcretme imk\u00e2n\u0131 sunar. G\u00fcne\u015f panelleri, hem do\u011frudan enerji \u00fcretimi sa\u011flar hem de fosil yak\u0131t kullan\u0131m\u0131n\u0131 azaltarak karbon sal\u0131n\u0131m\u0131n\u0131 minimuma indirir. Bu, sadece \u00e7evreyi korumakla kalmaz, ayn\u0131 zamanda enerji maliyetlerini d\u00fc\u015f\u00fcrerek uzun vadeli bir ekonomik fayda yarat\u0131r.<\/p>\n\n\n\n<p>Biyok\u00fctle enerjisi gibi yenilenebilir kaynaklar ise do\u011fru y\u00f6netildi\u011finde karbon n\u00f6tr olabilir. Bitkiler b\u00fcy\u00fcme s\u0131ras\u0131nda atmosferden karbondioksit emdi\u011fi i\u00e7in, bu kaynaklar kullan\u0131ld\u0131\u011f\u0131nda sal\u0131nan karbon miktar\u0131, emilen miktarla dengelenebilir. Enisolar, yenilik\u00e7i enerji \u00e7\u00f6z\u00fcmleriyle bu t\u00fcr kaynaklar\u0131n verimli ve s\u00fcrd\u00fcr\u00fclebilir kullan\u0131m\u0131na y\u00f6nelik projelere destek sunar.<\/p>\n\n\n\n<p>Enerji ge\u00e7i\u015finde yenilenebilir kaynaklara y\u00f6nelmek, fosil yak\u0131t kullan\u0131m\u0131n\u0131 azaltarak k\u00fcresel karbon emisyonlar\u0131n\u0131 d\u00fc\u015f\u00fcrmek i\u00e7in kritik bir ad\u0131md\u0131r. Ayn\u0131 zamanda, bu ge\u00e7i\u015f ekonomik kalk\u0131nmaya ve enerji eri\u015fiminin yayg\u0131nla\u015fmas\u0131na katk\u0131 sa\u011flar. Enisolar, 18 y\u0131l\u0131 a\u015fk\u0131n deneyimiyle, yenilenebilir enerji alan\u0131nda kaliteli hizmet anlay\u0131\u015f\u0131yla bu d\u00f6n\u00fc\u015f\u00fcmde \u00f6nc\u00fc rol \u00fcstlenmektedir.<\/p>\n\n\n\n<p>Bu sebeplerle, enerji \u00fcretiminde yenilenebilir kaynaklar\u0131n kullan\u0131m\u0131n\u0131 te\u015fvik eden politikalar ve yat\u0131r\u0131mlar, daha temiz ve s\u00fcrd\u00fcr\u00fclebilir bir gelecek i\u00e7in gereklidir. Enisolar olarak, \u00e7evre dostu enerji \u00e7\u00f6z\u00fcmleri sunarak yaln\u0131zca karbon ayak izini azaltmakla kalm\u0131yor, ayn\u0131 zamanda gelece\u011fin enerji ihtiya\u00e7lar\u0131n\u0131 kar\u015f\u0131lamak i\u00e7in \u00e7al\u0131\u015f\u0131yoruz. Yenilenebilir enerjiye ge\u00e7i\u015f, yaln\u0131zca \u00e7evreyi de\u011fil, ayn\u0131 zamanda toplumun ekonomik ve sosyal refah\u0131n\u0131 da olumlu y\u00f6nde etkiler. Enisolar\u2019\u0131n \u00e7\u00f6z\u00fcmleriyle bu d\u00f6n\u00fc\u015f\u00fcm\u00fcn bir par\u00e7as\u0131 olun!<\/p>\n\n\n\n<h4 class=\"wp-block-heading\"><strong>Ev ve \u0130\u015fletmelerde Yenilenebilir Enerjinin \u00d6nemi<\/strong><\/h4>\n\n\n\n<p>Evlerde ve i\u015fletmelerde yenilenebilir enerji kullan\u0131m\u0131, karbon ayak izini azaltmak i\u00e7in at\u0131labilecek en etkili ad\u0131mlardan biridir. G\u00fcne\u015f panelleri gibi yenilenebilir enerji sistemleri sayesinde evlerde elektrik \u00fcretimi sa\u011flanarak fosil yak\u0131tlara olan ba\u011f\u0131ml\u0131l\u0131k azalt\u0131l\u0131r. Bu sadece \u00e7evresel etkileri en aza indirmekle kalmaz, ayn\u0131 zamanda enerji maliyetlerini d\u00fc\u015f\u00fcrerek ekonomik tasarruf sa\u011flar.<\/p>\n\n\n\n<p>\u0130\u015fletmeler i\u00e7in ise yenilenebilir enerjiye ge\u00e7i\u015f, \u00e7evresel sorumlulu\u011fun \u00f6tesinde stratejik bir avantaj sunar. \u00dcretim s\u00fcre\u00e7lerinde g\u00fcne\u015f, r\u00fczg\u00e2r veya di\u011fer yenilenebilir enerji kaynaklar\u0131n\u0131n kullan\u0131m\u0131, karbon emisyonlar\u0131n\u0131 azaltarak \u00e7evresel s\u00fcrd\u00fcr\u00fclebilirli\u011fe katk\u0131da bulunur. Ayr\u0131ca, yenilenebilir enerji kullanan i\u015fletmeler, \u00e7evreye duyarl\u0131 yakla\u015f\u0131m\u0131yla t\u00fcketiciler nezdinde marka imajlar\u0131n\u0131 g\u00fc\u00e7lendirir ve rekabet avantaj\u0131 elde eder.<\/p>\n\n\n\n<p>Bu d\u00f6n\u00fc\u015f\u00fcm, hem bireysel hem de kurumsal d\u00fczeyde, s\u00fcrd\u00fcr\u00fclebilir bir gelece\u011fin in\u015fas\u0131nda \u00f6nemli bir rol oynar. Yenilenebilir enerji teknolojilerinin yayg\u0131nla\u015ft\u0131r\u0131lmas\u0131, enerji maliyetlerinin d\u00fc\u015f\u00fcr\u00fclmesi ve \u00e7evreye verilen zarar\u0131n azalt\u0131lmas\u0131 i\u00e7in g\u00fc\u00e7l\u00fc bir ara\u00e7t\u0131r. Evlerde ve i\u015fletmelerde bu kaynaklar\u0131n daha fazla tercih edilmesi, sadece bug\u00fcn\u00fcn de\u011fil, gelece\u011fin enerji ihtiya\u00e7lar\u0131na da cevap verecek bir ad\u0131m olacakt\u0131r.<\/p>\n\n\n\n<h4 class=\"wp-block-heading\"><strong>Karbon Ayak \u0130zinizi Azaltman\u0131n Yollar\u0131<\/strong><\/h4>\n\n\n\n<ul class=\"wp-block-list\">\n<li>Yenilenebilir Enerji Kullan\u0131m\u0131: Enisolar gibi yenilenebilir enerji \u00e7\u00f6z\u00fcmleri sunan firmalarla i\u015f birli\u011fi yaparak, enerji ihtiyac\u0131n\u0131z\u0131 g\u00fcne\u015f gibi temiz kaynaklardan kar\u015f\u0131layabilirsiniz.<\/li>\n\n\n\n<li>Enerji Verimlili\u011fi: Evlerde ve i\u015fyerlerinde enerji verimli cihazlar kullanarak enerji t\u00fcketiminizi azaltabilirsiniz.<\/li>\n\n\n\n<li>Ula\u015f\u0131m Al\u0131\u015fkanl\u0131klar\u0131: Daha az fosil yak\u0131t kullanmak i\u00e7in toplu ta\u015f\u0131ma ara\u00e7lar\u0131n\u0131 tercih edebilir, bisiklete binebilir veya y\u00fcr\u00fcy\u00fc\u015f yapabilirsiniz.<\/li>\n\n\n\n<li>At\u0131k Y\u00f6netimi: Geri d\u00f6n\u00fc\u015f\u00fcm\u00fc desteklemek ve at\u0131k \u00fcretimini azaltmak, karbon ayak izini k\u00fc\u00e7\u00fcltmenin basit ama etkili bir yoludur.<\/li>\n\n\n\n<li>Yerel ve Mevsimsel T\u00fcketim: Yerel \u00fcr\u00fcnler t\u00fcketerek ve mevsiminde beslenerek, lojistik kaynakl\u0131 karbon sal\u0131n\u0131m\u0131n\u0131 azaltabilirsiniz.<\/li>\n<\/ul>\n\n\n\n<h4 class=\"wp-block-heading\"><strong>Enisolar ile Daha Temiz Bir Gelece\u011fe Ad\u0131m At\u0131n<\/strong><\/h4>\n\n\n\n<p>Enisolar olarak, yenilenebilir enerji \u00e7\u00f6z\u00fcmlerimizle karbon ayak izini azaltmay\u0131 ama\u00e7layan bireylerin ve kurumlar\u0131n yan\u0131nda yer al\u0131yoruz. G\u00fcne\u015f enerjisi sistemleri, s\u00fcrd\u00fcr\u00fclebilir bir ya\u015fam tarz\u0131n\u0131 benimsemek i\u00e7in etkili bir ba\u015flang\u0131\u00e7 noktas\u0131d\u0131r.<br>Unutmay\u0131n, her bireysel ad\u0131m, b\u00fcy\u00fck bir de\u011fi\u015fimin par\u00e7as\u0131d\u0131r. Daha temiz ve s\u00fcrd\u00fcr\u00fclebilir bir gelecek i\u00e7in bug\u00fcnden harekete ge\u00e7in. \ud83c\udf31<\/p>\n\n\n\n<p><a href=\"https:\/\/enisolar.com\/en\/communication\/\"><strong>Contact us now and start your journey to clean energy!<\/strong><\/a><\/p>\n\n\n\n<p><\/p>\n\n\n\n<p><\/p>\n\n\n\n<h3 class=\"wp-block-heading\"><\/h3>\n\n\n\n<p><\/p>\n\n\n\n<p><\/p>\n\n\n\n<p><\/p>","protected":false},"excerpt":{"rendered":"<p>Karbon Ayak \u0130zi Nedir \u2265 G\u00fcn\u00fcm\u00fczde \u00e7evresel s\u00fcrd\u00fcr\u00fclebilirlik, bireylerden \u015firketlere kadar herkesin g\u00fcndeminde. Peki, bu s\u00fcrecin en \u00f6nemli kavramlar\u0131ndan biri olan karbon ayak izi tam olarak nedir ve neden bu kadar \u00f6nemlidir? Enisolar olarak, bu kritik konuyu ele alarak hem bireyler hem de kurumlar i\u00e7in fark\u0131ndal\u0131k yaratmay\u0131 ama\u00e7l\u0131yoruz.Karbon ayak izi, bir ki\u015finin, kurumun veya \u00fcr\u00fcn\u00fcn do\u011faya sald\u0131\u011f\u0131 toplam sera gaz\u0131 miktar\u0131n\u0131 ifade eder. Bu miktar, genellikle ton cinsinden CO\u2082 e\u015fde\u011feri[&hellip;]<\/p>\n","protected":false},"author":1,"featured_media":1190,"comment_status":"closed","ping_status":"closed","sticky":false,"template":"","format":"standard","meta":{"_acf_changed":false,"_coblocks_attr":"","_coblocks_dimensions":"","_coblocks_responsive_height":"","_coblocks_accordion_ie_support":"","footnotes":""},"categories":[26],"tags":[40],"class_list":["post-1189","post","type-post","status-publish","format-standard","has-post-thumbnail","hentry","category-gunes-enerjisi","tag-karbon-ayak-izi"],"acf":[],"_links":{"self":[{"href":"https:\/\/enisolar.com\/en\/wp-json\/wp\/v2\/posts\/1189","targetHints":{"allow":["GET"]}}],"collection":[{"href":"https:\/\/enisolar.com\/en\/wp-json\/wp\/v2\/posts"}],"about":[{"href":"https:\/\/enisolar.com\/en\/wp-json\/wp\/v2\/types\/post"}],"author":[{"embeddable":true,"href":"https:\/\/enisolar.com\/en\/wp-json\/wp\/v2\/users\/1"}],"replies":[{"embeddable":true,"href":"https:\/\/enisolar.com\/en\/wp-json\/wp\/v2\/comments?post=1189"}],"version-history":[{"count":2,"href":"https:\/\/enisolar.com\/en\/wp-json\/wp\/v2\/posts\/1189\/revisions"}],"predecessor-version":[{"id":1192,"href":"https:\/\/enisolar.com\/en\/wp-json\/wp\/v2\/posts\/1189\/revisions\/1192"}],"wp:featuredmedia":[{"embeddable":true,"href":"https:\/\/enisolar.com\/en\/wp-json\/wp\/v2\/media\/1190"}],"wp:attachment":[{"href":"https:\/\/enisolar.com\/en\/wp-json\/wp\/v2\/media?parent=1189"}],"wp:term":[{"taxonomy":"category","embeddable":true,"href":"https:\/\/enisolar.com\/en\/wp-json\/wp\/v2\/categories?post=1189"},{"taxonomy":"post_tag","embeddable":true,"href":"https:\/\/enisolar.com\/en\/wp-json\/wp\/v2\/tags?post=1189"}],"curies":[{"name":"wp","href":"https:\/\/api.w.org\/{rel}","templated":true}]}}