{"id":1199,"date":"2025-02-26T14:38:52","date_gmt":"2025-02-26T11:38:52","guid":{"rendered":"https:\/\/enisolar.com\/?p=1199"},"modified":"2025-02-26T14:38:55","modified_gmt":"2025-02-26T11:38:55","slug":"net-sifir-emisyon","status":"publish","type":"post","link":"https:\/\/enisolar.com\/en\/net-sifir-emisyon\/","title":{"rendered":"Net S\u0131f\u0131r Emisyon: Gelece\u011fe Temiz Bir Miras B\u0131rakmak"},"content":{"rendered":"<p>Net S\u0131f\u0131r Emisyon \u2265 G\u00fcn\u00fcm\u00fczde iklim krizi, d\u00fcnyan\u0131n en \u00f6nemli sorunlar\u0131ndan biri haline gelmi\u015f durumda. Atmosfere sal\u0131nan sera gazlar\u0131n\u0131n d\u00fc\u015f\u00fcr\u00fclmesi ve s\u0131f\u0131ra indirgenmesi, gelecek nesillere daha ya\u015fanabilir bir d\u00fcnya b\u0131rakmak i\u00e7in kritik bir ad\u0131m. Bu noktada, &#8220;net s\u0131f\u0131r emisyon&#8221; kavram\u0131 devreye giriyor.<\/p>\n\n\n\n<h2 class=\"wp-block-heading\"><strong>Net S\u0131f\u0131r Emisyon Nedir?<\/strong><\/h2>\n\n\n\n<p>Net s\u0131f\u0131r emisyon, insan faaliyetleri sonucu atmosfere sal\u0131nan sera gaz\u0131 miktar\u0131n\u0131n, yine insan faaliyetleri ile dengelenmesi anlam\u0131na gelir. Yani, atmosferde biriken karbon ve di\u011fer sera gazlar\u0131, ormanlar, karbon yakalama teknolojileri ve do\u011fal karbon tutma y\u00f6ntemleriyle geri al\u0131n\u0131r. Ama\u00e7, sal\u0131nan ve giderilen sera gazlar\u0131 aras\u0131nda bir denge olu\u015fturarak iklim krizinin etkilerini azaltmakt\u0131r.<\/p>\n\n\n\n<p><strong>Negatif Sal\u0131mlar ve Net Negatif Sal\u0131mlar<\/strong><\/p>\n\n\n\n<p>Negatif sal\u0131mlar, planl\u0131 insan etkinlikleriyle sera gazlar\u0131n\u0131n atmosferden uzakla\u015ft\u0131r\u0131lmas\u0131n\u0131 ifade eder. Karbondioksitin (CO2) havadan yakalanmas\u0131, karbon depolama ve biyoenerji gibi y\u00f6ntemler bu kapsamdad\u0131r. E\u011fer bir \u00fclke ya da b\u00f6lge, sald\u0131\u011f\u0131ndan daha fazla sera gaz\u0131n\u0131 atmosferden uzakla\u015ft\u0131r\u0131rsa, bu durum &#8220;net negatif sal\u0131m&#8221; olarak adland\u0131r\u0131l\u0131r.<\/p>\n\n\n\n<p><strong>Net S\u0131f\u0131r CO2 Sal\u0131mlar\u0131<\/strong><\/p>\n\n\n\n<p>Net s\u0131f\u0131r CO2 sal\u0131m\u0131, kalan insan kaynakl\u0131 CO2 emisyonlar\u0131n\u0131n, yine insan eliyle atmosferden giderilen CO2 miktar\u0131yla dengelendi\u011fi bir durumu ifade eder. Karbon n\u00f6trl\u00fc\u011f\u00fcn\u00fc sa\u011flamak i\u00e7in karbon yakalama teknolojileri, yenilenebilir enerji kullan\u0131m\u0131 ve orman alanlar\u0131n\u0131n art\u0131r\u0131lmas\u0131 gibi \u00e7\u00f6z\u00fcmler uygulanmaktad\u0131r.<\/p>\n\n\n\n<p><strong>T\u00fcrkiye&#8217;nin Net S\u0131f\u0131r Emisyon Hedefi<\/strong><\/p>\n\n\n\n<p>T\u00fcrkiye, 2015 y\u0131l\u0131nda Birle\u015fmi\u015f Milletler \u0130klim De\u011fi\u015fikli\u011fi \u00c7er\u00e7eve S\u00f6zle\u015fmesi (BM\u0130D\u00c7S) kapsam\u0131nda, 2030&#8217;a kadar emisyonlar\u0131nda en az %21 oran\u0131nda azalt\u0131m yapmay\u0131 hedefledi. 2021 y\u0131l\u0131nda Paris Anla\u015fmas\u0131\u2019n\u0131n onaylanmas\u0131yla bu hedef Ulusal Katk\u0131 Beyan\u0131 olarak tekrar sunuldu.<\/p>\n\n\n\n<p><strong>%35 Emisyon Azalt\u0131m\u0131 M\u00fcmk\u00fcn m\u00fc?<\/strong><\/p>\n\n\n\n<p>T\u00fcrkiye\u2019nin sera gaz\u0131 emisyonlar\u0131n\u0131 2030 y\u0131l\u0131na kadar %35 oran\u0131nda azaltabilmesi i\u00e7in a\u015fa\u011f\u0131daki ad\u0131mlar kritik \u00f6nem ta\u015f\u0131yor:<\/p>\n\n\n\n<ul class=\"wp-block-list\">\n<li><strong>Elektrik \u00dcretimi<\/strong>: Fosil yak\u0131tlardan \u00e7\u0131k\u0131lmas\u0131 ve yenilenebilir enerji kaynaklar\u0131n\u0131n pay\u0131n\u0131n %75&#8217;e \u00e7\u0131kar\u0131lmas\u0131.<\/li>\n\n\n\n<li><strong>Ula\u015f\u0131m<\/strong>: Elektrikli ara\u00e7 oran\u0131n\u0131n art\u0131r\u0131lmas\u0131 ve toplu ta\u015f\u0131mada rayl\u0131 sistemlerin yayg\u0131nla\u015ft\u0131r\u0131lmas\u0131.<\/li>\n\n\n\n<li><strong>Sanayi ve Tar\u0131m<\/strong>: Enerji verimlili\u011finin art\u0131r\u0131lmas\u0131 ve yenilenebilir enerji kullan\u0131m\u0131n\u0131n te\u015fvik edilmesi.<\/li>\n\n\n\n<li><strong>Binalar<\/strong>: Is\u0131nma ama\u00e7l\u0131 fosil yak\u0131t kullan\u0131m\u0131n\u0131n sonland\u0131r\u0131lmas\u0131 ve elektrikle \u0131s\u0131nmaya ge\u00e7i\u015f.<\/li>\n<\/ul>\n\n\n\n<p><strong>T\u00fcrkiye\u2019nin Sorumlulu\u011fu<\/strong><\/p>\n\n\n\n<p>T\u00fcrkiye, d\u00fcnyada en fazla sera gaz\u0131 emisyonuna sebep olan \u00fclkeler aras\u0131nda 16. s\u0131rada yer almakta ve k\u00fcresel emisyonlar\u0131n %1\u2019inden sorumludur. Ancak, ki\u015fi ba\u015f\u0131 emisyon oranlar\u0131 g\u00fcn ge\u00e7tik\u00e7e artmakta ve bu da k\u00fcresel iklim hedeflerine ula\u015fmay\u0131 zorla\u015ft\u0131rmaktad\u0131r.<\/p>\n\n\n\n<p>Net s\u0131f\u0131r emisyon hedefleri do\u011frultusunda harekete ge\u00e7mek, sadece \u00e7evremizi korumakla kalmaz, ayn\u0131 zamanda ekonomimize ve toplumsal refaha da olumlu katk\u0131 sa\u011flar. Daha ya\u015fanabilir bir d\u00fcnya i\u00e7in \u015fimdi harekete ge\u00e7me zaman\u0131!<\/p>\n\n\n\n<p><strong>Daha temiz bir gelecek i\u00e7in siz de yenilenebilir enerjiye ge\u00e7i\u015fe kat\u0131l\u0131n!<\/strong><\/p>\n\n\n\n<h4 class=\"wp-block-heading\"><strong>Enisolar ile Daha Temiz Bir Gelece\u011fe Ad\u0131m At\u0131n<\/strong><\/h4>\n\n\n\n<p>Enisolar olarak, yenilenebilir enerji \u00e7\u00f6z\u00fcmlerimizle karbon ayak izini azaltmay\u0131 ama\u00e7layan bireylerin ve kurumlar\u0131n yan\u0131nda yer al\u0131yoruz. G\u00fcne\u015f enerjisi sistemleri, s\u00fcrd\u00fcr\u00fclebilir bir ya\u015fam tarz\u0131n\u0131 benimsemek i\u00e7in etkili bir ba\u015flang\u0131\u00e7 noktas\u0131d\u0131r.<br>Unutmay\u0131n, her bireysel ad\u0131m, b\u00fcy\u00fck bir de\u011fi\u015fimin par\u00e7as\u0131d\u0131r. Daha temiz ve s\u00fcrd\u00fcr\u00fclebilir bir gelecek i\u00e7in bug\u00fcnden harekete ge\u00e7in. \ud83c\udf31<\/p>\n\n\n\n<p><a href=\"https:\/\/enisolar.com\/en\/communication\/\"><strong>Contact us now and start your journey to clean energy!<\/strong><\/a><\/p>\n\n\n\n<p><\/p>\n\n\n\n<p><\/p>\n\n\n\n<h3 class=\"wp-block-heading\"><\/h3>\n\n\n\n<p><\/p>\n\n\n\n<p><\/p>\n\n\n\n<p><\/p>","protected":false},"excerpt":{"rendered":"<p>Net S\u0131f\u0131r Emisyon \u2265 G\u00fcn\u00fcm\u00fczde iklim krizi, d\u00fcnyan\u0131n en \u00f6nemli sorunlar\u0131ndan biri haline gelmi\u015f durumda. Atmosfere sal\u0131nan sera gazlar\u0131n\u0131n d\u00fc\u015f\u00fcr\u00fclmesi ve s\u0131f\u0131ra indirgenmesi, gelecek nesillere daha ya\u015fanabilir bir d\u00fcnya b\u0131rakmak i\u00e7in kritik bir ad\u0131m. Bu noktada, &#8220;net s\u0131f\u0131r emisyon&#8221; kavram\u0131 devreye giriyor. Net S\u0131f\u0131r Emisyon Nedir? Net s\u0131f\u0131r emisyon, insan faaliyetleri sonucu atmosfere sal\u0131nan sera gaz\u0131 miktar\u0131n\u0131n, yine insan faaliyetleri ile dengelenmesi anlam\u0131na gelir. Yani, atmosferde biriken karbon ve di\u011fer[&hellip;]<\/p>\n","protected":false},"author":1,"featured_media":1200,"comment_status":"closed","ping_status":"closed","sticky":false,"template":"","format":"standard","meta":{"_acf_changed":false,"_coblocks_attr":"","_coblocks_dimensions":"","_coblocks_responsive_height":"","_coblocks_accordion_ie_support":"","footnotes":""},"categories":[26],"tags":[40],"class_list":["post-1199","post","type-post","status-publish","format-standard","has-post-thumbnail","hentry","category-gunes-enerjisi","tag-karbon-ayak-izi"],"acf":[],"_links":{"self":[{"href":"https:\/\/enisolar.com\/en\/wp-json\/wp\/v2\/posts\/1199","targetHints":{"allow":["GET"]}}],"collection":[{"href":"https:\/\/enisolar.com\/en\/wp-json\/wp\/v2\/posts"}],"about":[{"href":"https:\/\/enisolar.com\/en\/wp-json\/wp\/v2\/types\/post"}],"author":[{"embeddable":true,"href":"https:\/\/enisolar.com\/en\/wp-json\/wp\/v2\/users\/1"}],"replies":[{"embeddable":true,"href":"https:\/\/enisolar.com\/en\/wp-json\/wp\/v2\/comments?post=1199"}],"version-history":[{"count":1,"href":"https:\/\/enisolar.com\/en\/wp-json\/wp\/v2\/posts\/1199\/revisions"}],"predecessor-version":[{"id":1201,"href":"https:\/\/enisolar.com\/en\/wp-json\/wp\/v2\/posts\/1199\/revisions\/1201"}],"wp:featuredmedia":[{"embeddable":true,"href":"https:\/\/enisolar.com\/en\/wp-json\/wp\/v2\/media\/1200"}],"wp:attachment":[{"href":"https:\/\/enisolar.com\/en\/wp-json\/wp\/v2\/media?parent=1199"}],"wp:term":[{"taxonomy":"category","embeddable":true,"href":"https:\/\/enisolar.com\/en\/wp-json\/wp\/v2\/categories?post=1199"},{"taxonomy":"post_tag","embeddable":true,"href":"https:\/\/enisolar.com\/en\/wp-json\/wp\/v2\/tags?post=1199"}],"curies":[{"name":"wp","href":"https:\/\/api.w.org\/{rel}","templated":true}]}}